{"id":725,"date":"2011-08-17T20:15:22","date_gmt":"2011-08-17T19:15:22","guid":{"rendered":"http:\/\/www.deschamps-web.com\/le_four\/?p=725"},"modified":"2013-03-25T21:34:56","modified_gmt":"2013-03-25T20:34:56","slug":"le-toit-de-la-fourniar","status":"publish","type":"post","link":"http:\/\/www.deschamps-web.com\/le_four\/?p=725","title":{"rendered":"LE TOIT DE LA FOURNIAR"},"content":{"rendered":"<p><!--more--><\/p>\n<p>Cela va de soi, le toit de la \u00ab\u00a0fourniar\u00a0\u00bb, va \u00eatre r\u00e9alis\u00e9 en ardoises du pays, tout comme le toit du four. A ceci pr\u00e8s qu\u2019il s\u2019agit l\u00e0 d\u2019un toit droit, donc vraisemblablement plus facile \u00e0 r\u00e9aliser&#8230;<\/p>\n<p>La premi\u00e8re op\u00e9ration consiste \u00e0 poser la volige, sur laquelle seront fix\u00e9es les ardoises. La provenance du bois n\u00e9cessaire pour cette \u00e9tape est la m\u00eame que celle du toit du four\u00a0: les peupliers de Mamie L\u00e9onie. Le toit \u00e9tant droit, plus besoin de cintrer la volige, l\u2019\u00e9paisseur peut passer de 1 \u00e0 2 cm. Ayant pris soin de faire d\u00e9biter cette volige \u00e0 l\u2019automne et de la stocker \u00e0 l\u2019abri pendant l\u2019hiver, je peux donc rapidement commencer.<\/p>\n<p>Cette op\u00e9ration requiert beaucoup de manutention. Tout seul, pas facile\u00a0! Une nouvelle fois, je fais donc appel \u00e0 Maurice. Il r\u00e9pond toujours pr\u00e9sent \u00e0 mes sollicitations, mais je soup\u00e7onne n\u00e9anmoins qu\u2019il pr\u00e9f\u00e9rait venir m\u2019aider <strong><em>avant<\/em><\/strong> que je n\u2019aie le permis de construire\u00a0: il aimait bien ce petit c\u00f4t\u00e9 hors-la-loi\u00a0!!!<\/p>\n<p>Grosse journ\u00e9e pour la mise en place de cette volige, mais vers 20 heures nous posons la derni\u00e8re planche, satisfaits de notre travail. Etant rest\u00e9 \u00e0 genoux, ou dans des positions pas tr\u00e8s confortables, sur le toit toute la journ\u00e9e, il me faudra bien 3 ou 4 jours pour \u00e9liminer les douleurs qui se font sentir dans les jambes d\u00e8s le lendemain\u00a0!<\/p>\n<p style=\"text-align: center;\"><a href=\"http:\/\/www.deschamps-web.com\/le_four\/wp-content\/uploads\/2013\/03\/PICT1408.jpg\"><img loading=\"lazy\" decoding=\"async\" class=\"aligncenter size-thumbnail wp-image-916\" title=\"La volige\" alt=\"PICT1408\" src=\"http:\/\/www.deschamps-web.com\/le_four\/wp-content\/uploads\/2013\/03\/PICT1408-150x150.jpg\" width=\"150\" height=\"150\" \/><\/a><\/p>\n<p>Je peux maintenant enlever tous les madriers qui me servaient d\u2019\u00e9chafaudage, et d\u00e9couvrir la fa\u00e7ade du four avec la charpente de la \u00ab\u00a0fourniar\u00a0\u00bb.<\/p>\n<p style=\"text-align: center;\"><a href=\"http:\/\/www.deschamps-web.com\/le_four\/wp-content\/uploads\/2013\/03\/PICT1411.jpg\"><img loading=\"lazy\" decoding=\"async\" class=\"aligncenter size-thumbnail wp-image-918\" title=\"La fa\u00e7ade du four\" alt=\"PICT1411\" src=\"http:\/\/www.deschamps-web.com\/le_four\/wp-content\/uploads\/2013\/03\/PICT1411-150x150.jpg\" width=\"150\" height=\"150\" \/><\/a><\/p>\n<p>C\u2019est l\u00e0 que commence la deuxi\u00e8me op\u00e9ration (et non la moindre\u00a0!)\u00a0: la pose des ardoises. Tout commence par le doublis. Le doublis est la premi\u00e8re rang\u00e9e d\u2019ardoises que l\u2019on place sur la bordure du toit, afin de relever les autres rangs. Lorsque que j\u2019ai couvert le four, j\u2019ai bien pos\u00e9 un doublis, mais avec les ardoises dans le <strong>m\u00eame<\/strong> sens que les autres, alors qu\u2019il faut les tourner \u00ab\u00a0<strong>dessus-dessous<\/strong> \u00bb pour \u00e9viter les remont\u00e9es d\u2019eau vers le mur, ce que j\u2019ignorais\u00a0! Francis m\u2019ayant confirm\u00e9 cette astuce, j\u2019\u00e9coute le Ma\u00eetre et cette fois-ci, je travaille selon les r\u00e8gles de l\u2019art\u2026<\/p>\n<p style=\"text-align: center;\"><a href=\"http:\/\/www.deschamps-web.com\/le_four\/wp-content\/uploads\/2013\/03\/PICT1416.jpg\"><img loading=\"lazy\" decoding=\"async\" class=\"aligncenter size-thumbnail wp-image-919\" title=\"Le doublis\" alt=\"PICT1416\" src=\"http:\/\/www.deschamps-web.com\/le_four\/wp-content\/uploads\/2013\/03\/PICT1416-150x150.jpg\" width=\"150\" height=\"150\" \/><\/a><\/p>\n<p>Lorsque j\u2019ai pos\u00e9 trois rangs, je r\u00e9fl\u00e9chis \u00e0 l\u2019int\u00e9gration de la goutti\u00e8re nantaise sur mon toit. J\u2019ai d\u00e9couvert ce type de goutti\u00e8re lors d\u2019un s\u00e9jour chez Franck. Lui, Sandrine et Alicia habitent en effet \u00e0 Port-Brillet, petite localit\u00e9 situ\u00e9e \u00e0 c\u00f4t\u00e9 de Laval dans la Mayenne (et non dans le \u00ab\u00a053\u00a0\u00bb\u00a0!!!). Cette goutti\u00e8re, appel\u00e9e nantaise, havraise ou encore de Laval, est tr\u00e8s utilis\u00e9e dans cette r\u00e9gion. Pour moi, l\u2019avantage qu\u2019elle pr\u00e9sente, c\u2019est de se mettre <strong><em>sur<\/em><\/strong> le toit et non pas en bout du toit, comme la goutti\u00e8re lyonnaise que l\u2019on trouve ordinairement en Corr\u00e8ze. Mon toit \u00e9tant en effet assez bas, la goutti\u00e8re l\u2019aurait abaiss\u00e9 un peu plus. C\u2019est donc tout naturellement, que, m\u00eame \u00e0 500 km de mon chantier, j\u2019avais d\u00e9j\u00e0 opt\u00e9 pour ce type de goutti\u00e8re lors de ce s\u00e9jour\u00a0!<\/p>\n<p>Pour ce qui est de l\u2019approvisionnement, je ne rencontre pas de probl\u00e8me\u00a0: ce produit est en vente dans certains magasins de la r\u00e9gion et est utilis\u00e9 dans la restauration de toitures anciennes. Non, c\u2019est plut\u00f4t du c\u00f4t\u00e9 de la pose que se situent mes probl\u00e8mes\u00a0! Malgr\u00e9 de longs moments de r\u00e9flexion, je ne trouve pas de solution m\u2019apportant une bonne \u00e9tanch\u00e9it\u00e9 au niveau de la jonction ardoises\/goutti\u00e8re. En effet, les rangs d\u2019ardoises sont parall\u00e8les au bord du toit, alors qu\u2019il faut une pente \u00e0 la goutti\u00e8re pour l\u2019\u00e9coulement de l\u2019eau. D\u2019apr\u00e8s les caract\u00e9ristiques techniques, il faut une pente de un centim\u00e8tre par m\u00e8tre. Mon toit faisant 6,5 m, il me faut donc pr\u00e9voir une pente de 6,5 cm.<\/p>\n<p>Sous la goutti\u00e8re, la rang\u00e9e (constitu\u00e9e d&rsquo;ardoises faisant 30 cm de long) doit avoir un pureau de 10 cm. Je me permets de rappeler ici que le pureau est la longueur de la partie de l&rsquo;ardoise qui est d\u00e9couverte et qui re\u00e7oit la pluie, longueur \u00e9gale au tiers de la longueur totale de l&rsquo;ardoise (dans mon cas: 30\/3=10 cm).<\/p>\n<p>La largeur de la goutti\u00e8re est de 26 cm. Pour mettre en place cette goutti\u00e8re, j&rsquo;utilise des crochets de 26 cm de long (largeur de la goutti\u00e8re), qui sont fix\u00e9s sur la volige, au-dessus de la derni\u00e8re rang\u00e9e d&rsquo;ardoises. Pour fixer ces crochets, il faut au moins 6 cm entre le haut des crochets (ou de la goutti\u00e8re) et le haut des ardoises. Pour cela, je pars du bas de l&rsquo;ardoise, je monte de 30 cm (longueur de l&rsquo;ardoise) et j&rsquo;ajoute donc 6 cm pour positionner le haut de la goutti\u00e8re. Entre le bas de la goutti\u00e8re et le bas de l&rsquo;ardoise, il me reste bien les 10 cm requis (30+6-26).<\/p>\n<p>Ce calcul est valable au point bas de la pente. Pour le point haut de la goutti\u00e8re, je dois ajouter 6,5 cm, ce qui me fait un pureau de\u2026 16,5 cm\u00a0! Avec un tel pureau, il me faudrait des ardoises de (16,5&#215;3) = 49,5 cm\u2026 ce que je n&rsquo;ai pas\u00a0!<\/p>\n<p>J\u2019ai beau chercher une solution, je n\u2019en trouve aucune qui soit satisfaisante et (surtout\u00a0!) fiable quant \u00e0 l\u2019\u00e9tanch\u00e9it\u00e9 de mon toit\u00a0! Mais convaincu du bien fond\u00e9 du principe d\u2019Einstein qui consiste \u00e0 consid\u00e9rer qu\u2019\u00ab\u00a0un probl\u00e8me sans solution est un probl\u00e8me mal pos\u00e9\u00a0\u00bb, je reste persuad\u00e9 qu\u2019une <strong>bonne<\/strong> solution existe\u2026 sinon ce type de goutti\u00e8re ne serait tout simplement pas utilis\u00e9\u00a0! A moins que les Bretons soient plus malins que les Limousins, ce que je ne crois pas. Il doit bien exister dans mon entourage un ou deux Corr\u00e9ziens capables de r\u00e9soudre mon probl\u00e8me\u00a0! Je d\u00e9cide donc de faire appel \u00e0 Francis et \u00e0 son copain Marcel, auxquels j\u2019expose mes interrogations. Comme j\u2019ai fait appel \u00e0 des \u00ab\u00a0pros\u00a0\u00bb, la r\u00e9ponse est instantan\u00e9e\u2026 Et la solution qu\u2019ils me proposent est encore une fois tellement \u00e9vidente qu\u2019\u00e0 ma place Mado aurait pu dire\u00a0:<\/p>\n<blockquote><p>Quand on voit les c&#8212;&#8212;-, on dit que c\u2019est un m\u00e2le\u00a0!<\/p><\/blockquote>\n<p>Ils me sugg\u00e8rent tout simplement d\u2019ins\u00e9rer une feuille de zinc entre les ardoises et la goutti\u00e8re\u2026<\/p>\n<p style=\"text-align: center;\"><a href=\"http:\/\/www.deschamps-web.com\/le_four\/wp-content\/uploads\/2013\/03\/PICT1418.jpg\"><img loading=\"lazy\" decoding=\"async\" class=\"aligncenter size-thumbnail wp-image-920\" title=\"La feuille de zinc\" alt=\"PICT1418\" src=\"http:\/\/www.deschamps-web.com\/le_four\/wp-content\/uploads\/2013\/03\/PICT1418-150x150.jpg\" width=\"150\" height=\"150\" \/><\/a><\/p>\n<p>Je suis donc ce pr\u00e9cieux conseil et, apr\u00e8s avoir mis en place cette feuille de zinc, je fixe les crochets qui immobiliseront la goutti\u00e8re. Mais je ne peux m\u2019emp\u00eacher de contacter \u00e0 nouveau Francis\u2026 pour lui demander d\u2019autres conseils, tellement je suis peu s\u00fbr de moi dans cette t\u00e2che. Cette fois-ci, il \u00ab\u00a0craque\u00a0\u00bb et me dit\u00a0:<\/p>\n<blockquote><p><em>Demain matin, je suis chez toi \u00e0 8 heures et nous verrons sur place<\/em>.<\/p><\/blockquote>\n<p>Comme pr\u00e9vu, \u00e0 l\u2019heure dite, et apr\u00e8s l\u2019in\u00e9vitable caf\u00e9, nous oeuvrons pour l\u2019entente interr\u00e9gionale en nous lan\u00e7ant dans ce nouveau d\u00e9fi : installer des goutti\u00e8res <strong>nantaises<\/strong> sur un toit <strong>corr\u00e9zien<\/strong> ! La d\u00e9coupe et la mise en place de la premi\u00e8re goutti\u00e8re se font de fa\u00e7on un peu empirique, mais nous avons eu soin de commencer par le cot\u00e9 le plus haut, donc le plus \u00e9loign\u00e9 des yeux\u00a0! Pour la soudure, c\u2019est Francis qui op\u00e8re. A midi, la premi\u00e8re goutti\u00e8re est, tant bien que mal, enfin en place. Odile, la femme de Francis, nous rejoint pour prendre place autour de la table et partager avec nous le d\u00e9jeuner pr\u00e9par\u00e9 par Fran\u00e7oise. Repas tout simple, compos\u00e9 d\u2019un r\u00f4ti de porc \u00ab\u00a0maison\u00a0\u00bb, congel\u00e9 cet hiver, accompagn\u00e9 de l\u00e9gumes du jardin. Les quatre grands-parents de Samuel \u00e9tant r\u00e9unis, ils ne manquent pas d\u2019\u00e9voquer leur petit-fils commun, de fa\u00e7on tr\u00e8s objective, cela va de soi (!!!)\u2026<\/p>\n<p>L\u2019apr\u00e8s-midi, nous mettons en place la seconde goutti\u00e8re\u00a0; le geste est d\u00e9sormais plus assur\u00e9, le r\u00e9sultat plus satisfaisant donc.<\/p>\n<p style=\"text-align: center;\"><a href=\"http:\/\/www.deschamps-web.com\/le_four\/wp-content\/uploads\/2013\/03\/PICT1420.jpg\"><img loading=\"lazy\" decoding=\"async\" class=\"aligncenter size-thumbnail wp-image-921\" title=\"La goutti\u00e8re nantaise\" alt=\"PICT1420\" src=\"http:\/\/www.deschamps-web.com\/le_four\/wp-content\/uploads\/2013\/03\/PICT1420-150x150.jpg\" width=\"150\" height=\"150\" \/><\/a><\/p>\n<p>Je suis tr\u00e8s content de notre travail, car la veille encore, j\u2019avais quelques zones d\u2019ombre dubitative quant \u00e0 la m\u00e9thode \u00e0 employer. Alors, encore une fois\u00a0: merci Francis\u00a0! D\u2019autre part, Odile m\u2019a judicieusement fait remarquer qu\u2019une goutti\u00e8re classique en bout du toit n\u2019aurait pas \u00e9t\u00e9 en harmonie avec le toit rond du four qui, lui, n\u2019en poss\u00e8de pas. Elle me conforte ainsi dans mon choix, choix que j\u2019\u00e9tais presque arriv\u00e9 \u00e0 regretter, vu la complexit\u00e9 du travail pour le non-initi\u00e9 que je suis. Mais l\u2019union faisant d\u00e9cid\u00e9ment la force, j\u2019ai bien fait de m\u2019obstiner et d\u2019aller chercher les comp\u00e9tences l\u00e0 o\u00f9 elles sont\u2026<\/p>\n<p>Apr\u00e8s un tel effort \u00ab\u00a0intellectuo-manuel\u00a0\u00bb, il faut bien se d\u00e9tendre un peu\u00a0! Pour cela, les b\u00e2tisseurs d\u00e9cident d\u2019organiser une petite f\u00eate autour du four avec les voisins. Au plan national, une telle manifestation est organis\u00e9e tous les ans au d\u00e9but du mois de juin. Mais comme je ne fais rien comme tout le monde, chez nous, ce sera mi-ao\u00fbt\u00a0! Et la premi\u00e8re \u00e9tape est donc d\u2019en fixer la date pr\u00e9cise. Ce choix se fait en fonction de la disponibilit\u00e9 de Delphine, Juliette et Franck. Le jour \u00e9tant choisi, il ne reste plus qu\u2019\u00e0 lancer les invitations\u2026<\/p>\n<p>M\u00eame si la majorit\u00e9 de mes voisins se montrent int\u00e9ress\u00e9s par l\u2019avancement de mes travaux, ils sont n\u00e9anmoins un peu surpris de cette invitation, mais au final r\u00e9pondent vite positivement. Et les r\u00e9ponses sont, pour beaucoup, accompagn\u00e9es de propositions d\u2019aide\u00a0: le plus souvent, pr\u00e9parer un g\u00e2teau \u00e0 faire cuire dans le four au moment des festivit\u00e9s.<\/p>\n<p>Le jour dit et \u00e0 l\u2019heure pr\u00e9vue, mon four est chaud lorsqu\u2019arrivent les invit\u00e9s. Je commence <strong><em>traditionnellement<\/em><\/strong> (apr\u00e8s un an de fonctionnement, je peux d\u00e9sormais utiliser cet adverbe auquel je tiens particuli\u00e8rement) par la cuisson des pizzas et des flammekueches.<\/p>\n<p>Apr\u00e8s ces premi\u00e8res cuissons, je sors les braises du four et les mets, comme je le fais \u00e0 chaque chauffe, dans une brouette. Et tout comme l\u2019an pass\u00e9, \u00e0 la m\u00eame date, Franck r\u00e9cup\u00e8re le tout, s\u2019en va un peu loin avec son chargement incandescent et pose deux serre-joints de ma\u00e7on en travers sur la brouette. Et tout comme l\u2019an pass\u00e9, avec l\u2019aide de Robert, il nous fait cuire quelques succulentes chipolatas, provenant bien s\u00fbr du cochon que nous avons tu\u00e9 l\u2019hiver dernier. De l\u2019avis g\u00e9n\u00e9ral, le r\u00e9sultat est une merveille\u00a0!<\/p>\n<p><a href=\"http:\/\/www.deschamps-web.com\/le_four\/wp-content\/uploads\/2013\/03\/DSCI1059.jpg\"><img loading=\"lazy\" decoding=\"async\" class=\"alignleft size-thumbnail wp-image-922\" title=\"Franck et la brouette\" alt=\"DSCI1059\" src=\"http:\/\/www.deschamps-web.com\/le_four\/wp-content\/uploads\/2013\/03\/DSCI1059-150x150.jpg\" width=\"150\" height=\"150\" \/><\/a><\/p>\n<p><a href=\"http:\/\/www.deschamps-web.com\/le_four\/wp-content\/uploads\/2013\/03\/DSCI1060.jpg\"><img loading=\"lazy\" decoding=\"async\" class=\"alignright size-thumbnail wp-image-923\" title=\"Robert et la brouette\" alt=\"DSCI1060\" src=\"http:\/\/www.deschamps-web.com\/le_four\/wp-content\/uploads\/2013\/03\/DSCI1060-150x150.jpg\" width=\"150\" height=\"150\" \/><\/a>\u00a0\u00a0\u00a0\u00a0\u00a0\u00a0\u00a0\u00a0\u00a0\u00a0\u00a0\u00a0\u00a0\u00a0\u00a0\u00a0\u00a0\u00a0\u00a0\u00a0\u00a0\u00a0\u00a0\u00a0\u00a0\u00a0\u00a0\u00a0\u00a0\u00a0\u00a0\u00a0\u00a0\u00a0\u00a0\u00a0\u00a0\u00a0\u00a0\u00a0\u00a0\u00a0\u00a0\u00a0\u00a0\u00a0\u00a0\u00a0\u00a0\u00a0\u00a0\u00a0\u00a0\u00a0\u00a0\u00a0\u00a0\u00a0\u00a0\u00a0\u00a0\u00a0\u00a0\u00a0\u00a0\u00a0\u00a0\u00a0\u00a0\u00a0\u00a0\u00a0\u00a0\u00a0\u00a0\u00a0\u00a0\u00a0\u00a0\u00a0\u00a0\u00a0\u00a0\u00a0\u00a0\u00a0\u00a0\u00a0\u00a0\u00a0\u00a0\u00a0\u00a0\u00a0\u00a0\u00a0\u00a0\u00a0\u00a0\u00a0\u00a0\u00a0\u00a0\u00a0\u00a0\u00a0\u00a0\u00a0\u00a0\u00a0\u00a0\u00a0\u00a0\u00a0\u00a0\u00a0\u00a0\u00a0\u00a0\u00a0\u00a0\u00a0\u00a0\u00a0\u00a0\u00a0\u00a0\u00a0\u00a0\u00a0\u00a0\u00a0\u00a0\u00a0\u00a0\u00a0\u00a0\u00a0\u00a0\u00a0\u00a0\u00a0\u00a0\u00a0\u00a0\u00a0\u00a0\u00a0\u00a0\u00a0\u00a0\u00a0\u00a0\u00a0\u00a0\u00a0\u00a0\u00a0\u00a0\u00a0\u00a0\u00a0\u00a0\u00a0\u00a0\u00a0\u00a0\u00a0\u00a0\u00a0\u00a0\u00a0\u00a0\u00a0\u00a0\u00a0\u00a0\u00a0\u00a0\u00a0\u00a0\u00a0\u00a0\u00a0\u00a0\u00a0\u00a0\u00a0\u00a0\u00a0\u00a0\u00a0\u00a0\u00a0\u00a0\u00a0\u00a0\u00a0\u00a0\u00a0\u00a0\u00a0\u00a0\u00a0\u00a0\u00a0\u00a0\u00a0\u00a0\u00a0\u00a0\u00a0\u00a0\u00a0\u00a0\u00a0\u00a0\u00a0\u00a0\u00a0\u00a0\u00a0\u00a0\u00a0\u00a0\u00a0\u00a0\u00a0\u00a0\u00a0\u00a0\u00a0\u00a0\u00a0\u00a0\u00a0\u00a0\u00a0\u00a0\u00a0\u00a0\u00a0\u00a0\u00a0\u00a0\u00a0\u00a0\u00a0\u00a0\u00a0\u00a0\u00a0\u00a0\u00a0\u00a0\u00a0\u00a0\u00a0\u00a0\u00a0\u00a0\u00a0\u00a0\u00a0\u00a0\u00a0\u00a0\u00a0\u00a0\u00a0\u00a0\u00a0\u00a0\u00a0\u00a0\u00a0\u00a0\u00a0\u00a0\u00a0\u00a0\u00a0\u00a0\u00a0\u00a0\u00a0\u00a0\u00a0\u00a0\u00a0\u00a0\u00a0\u00a0\u00a0\u00a0\u00a0\u00a0\u00a0\u00a0\u00a0\u00a0\u00a0\u00a0\u00a0\u00a0\u00a0\u00a0\u00a0\u00a0\u00a0\u00a0 Pendant ce temps, j\u2019enfourn\u00e9 le pain. Lorsqu\u2019il est cuit et bien dor\u00e9, il ne me reste plus que la cuisson des g\u00e2teaux (une bonne douzaine, rien que \u00e7a\u00a0!) apport\u00e9s par les voisins. J\u2019enfourne le tout, ce qui remplit bien mon four. Comme nous sommes au c\u0153ur du mois d\u2019ao\u00fbt, et comme il se trouve que cette ann\u00e9e est une belle ann\u00e9e \u00e0 fruits, les g\u00e2teaux sont surtout des tartes et \u00ab\u00a0flognardes\u00a0\u00bb aux fruits (prunes, p\u00eaches de vignes, poires), sans oublier bien entendu l\u2019in\u00e9vitable clafoutis, aux cerises (exclusivement\u00a0!) faut-il le rappeler&#8230; Mais chaque g\u00e2teau est n\u00e9anmoins diff\u00e9rent (volume, consistance, taille du moule\u2026), ce qui signifie qu\u2019il faut adapter le temps de cuisson \u00e0 chacun. Mado se charge de cette gestion-l\u00e0, tandis que moi, je ne taris pas de commentaires et\/ou explications sur les aspects techniques de mon four\u2026<\/p>\n<p><a href=\"http:\/\/www.deschamps-web.com\/le_four\/wp-content\/uploads\/2013\/03\/DSC_4513.jpg\"><img loading=\"lazy\" decoding=\"async\" class=\"alignleft size-thumbnail wp-image-924\" title=\"Mado en action\" alt=\"DSC_4513\" src=\"http:\/\/www.deschamps-web.com\/le_four\/wp-content\/uploads\/2013\/03\/DSC_4513-150x150.jpg\" width=\"150\" height=\"150\" \/><\/a><\/p>\n<p><a href=\"http:\/\/www.deschamps-web.com\/le_four\/wp-content\/uploads\/2013\/03\/DSC_4525.jpg\"><img loading=\"lazy\" decoding=\"async\" class=\"alignright size-thumbnail wp-image-926\" title=\"Tous en action\" alt=\"DSC_4525\" src=\"http:\/\/www.deschamps-web.com\/le_four\/wp-content\/uploads\/2013\/03\/DSC_4525-150x150.jpg\" width=\"150\" height=\"150\" \/><\/a>\u00a0\u00a0\u00a0\u00a0\u00a0\u00a0\u00a0\u00a0\u00a0\u00a0\u00a0\u00a0\u00a0\u00a0\u00a0\u00a0\u00a0\u00a0\u00a0\u00a0\u00a0\u00a0\u00a0\u00a0\u00a0\u00a0\u00a0\u00a0\u00a0\u00a0\u00a0\u00a0\u00a0\u00a0\u00a0\u00a0\u00a0\u00a0\u00a0\u00a0\u00a0\u00a0\u00a0\u00a0\u00a0\u00a0\u00a0\u00a0\u00a0\u00a0\u00a0\u00a0\u00a0\u00a0\u00a0\u00a0\u00a0\u00a0\u00a0\u00a0\u00a0\u00a0\u00a0\u00a0\u00a0\u00a0\u00a0\u00a0\u00a0\u00a0\u00a0\u00a0\u00a0\u00a0\u00a0\u00a0\u00a0\u00a0\u00a0\u00a0\u00a0\u00a0\u00a0\u00a0\u00a0\u00a0\u00a0\u00a0\u00a0\u00a0\u00a0\u00a0\u00a0\u00a0\u00a0\u00a0\u00a0\u00a0\u00a0\u00a0\u00a0\u00a0\u00a0\u00a0\u00a0\u00a0\u00a0\u00a0\u00a0\u00a0\u00a0\u00a0\u00a0\u00a0\u00a0\u00a0\u00a0\u00a0\u00a0\u00a0\u00a0\u00a0\u00a0\u00a0\u00a0\u00a0\u00a0\u00a0\u00a0\u00a0\u00a0\u00a0\u00a0\u00a0\u00a0\u00a0\u00a0\u00a0\u00a0\u00a0\u00a0\u00a0\u00a0\u00a0\u00a0\u00a0\u00a0\u00a0\u00a0\u00a0\u00a0\u00a0\u00a0\u00a0\u00a0\u00a0\u00a0\u00a0\u00a0\u00a0\u00a0\u00a0\u00a0\u00a0\u00a0\u00a0\u00a0\u00a0\u00a0\u00a0\u00a0\u00a0\u00a0\u00a0\u00a0\u00a0\u00a0\u00a0\u00a0\u00a0\u00a0\u00a0\u00a0\u00a0\u00a0\u00a0\u00a0\u00a0\u00a0\u00a0\u00a0\u00a0\u00a0\u00a0\u00a0\u00a0\u00a0\u00a0\u00a0\u00a0\u00a0\u00a0\u00a0\u00a0\u00a0\u00a0\u00a0\u00a0\u00a0\u00a0\u00a0\u00a0\u00a0\u00a0\u00a0\u00a0\u00a0\u00a0\u00a0\u00a0\u00a0\u00a0\u00a0\u00a0\u00a0\u00a0\u00a0\u00a0\u00a0\u00a0\u00a0\u00a0\u00a0\u00a0\u00a0\u00a0\u00a0\u00a0\u00a0\u00a0\u00a0\u00a0\u00a0\u00a0\u00a0\u00a0\u00a0\u00a0\u00a0\u00a0\u00a0\u00a0\u00a0\u00a0\u00a0\u00a0\u00a0\u00a0\u00a0\u00a0\u00a0\u00a0\u00a0\u00a0\u00a0\u00a0\u00a0\u00a0\u00a0\u00a0\u00a0\u00a0\u00a0\u00a0\u00a0\u00a0\u00a0\u00a0\u00a0\u00a0\u00a0\u00a0\u00a0\u00a0\u00a0\u00a0\u00a0\u00a0\u00a0\u00a0\u00a0\u00a0\u00a0\u00a0\u00a0\u00a0\u00a0\u00a0\u00a0\u00a0\u00a0\u00a0\u00a0\u00a0\u00a0\u00a0\u00a0\u00a0\u00a0\u00a0\u00a0\u00a0\u00a0\u00a0\u00a0\u00a0\u00a0 Notre r\u00e9union de voisins, n\u2019a pas d\u2019ambition culinaire, mais elle a le dessein de r\u00e9unir le temps d\u2019une soir\u00e9e une cinquantaine de personnes qui n\u2019ont peut-\u00eatre que peu de points communs mais ont au moins celui de r\u00e9sider au Boico ou dans sa proche \u00ab\u00a0banlieue\u00a0\u00bb.<\/p>\n<p>Le menu est simple et sans pr\u00e9tention\u00a0: il s\u2019agit d\u2019un ap\u00e9ritif accompagn\u00e9 de tartines de pain avec rillettes, pizzas et flammekueches, chipolatas et g\u00e2teaux (nombreux et) vari\u00e9s. Comme quoi la simplicit\u00e9 peut faire l\u2019unanimit\u00e9\u00a0: tout le monde se r\u00e9gale et certaines diront m\u00eame\u00a0: \u00ab\u00a0Il y a longtemps que je n\u2019avais pas autant mang\u00e9 et aussi bien\u00a0!\u00a0\u00bb.<\/p>\n<p>Au cours de cette soir\u00e9e, et m\u00eame si nous sommes en plein \u00e9t\u00e9, je suis heureux de retrouver l\u2019ambiance qui r\u00e9gnait jadis lors des veill\u00e9es d\u2019hiver, moments pendant lesquels les gens assis autour de la table oubliaient leurs diff\u00e9rences et o\u00f9 chacun se montrait agr\u00e9able avec son voisin.<\/p>\n<p style=\"text-align: center;\"><a href=\"http:\/\/www.deschamps-web.com\/le_four\/wp-content\/uploads\/2013\/03\/DSC_4524.jpg\"><img loading=\"lazy\" decoding=\"async\" class=\"aligncenter size-thumbnail wp-image-925\" title=\"Grandes discutions\" alt=\"DSC_4524\" src=\"http:\/\/www.deschamps-web.com\/le_four\/wp-content\/uploads\/2013\/03\/DSC_4524-150x150.jpg\" width=\"150\" height=\"150\" \/><\/a><\/p>\n<p>\u00a0\u00a0\u00a0\u00a0\u00a0\u00a0\u00a0\u00a0\u00a0\u00a0\u00a0 Pour alimenter cet \u00e9tat d\u2019esprit, les virtuoses locaux n\u2019h\u00e9sitent pas un instant \u00e0 mettre la main \u00e0 la p\u00e2te (ou \u00e0 la \u00ab\u00a0note\u00a0\u00bb devrais-je dire). C\u2019est ainsi que Genevi\u00e8ve et Bernard nous confirment, pour notre plus grand plaisir, leurs talents de chanteurs.<\/p>\n<p><a href=\"http:\/\/www.deschamps-web.com\/le_four\/wp-content\/uploads\/2013\/03\/DSCI1090.jpg\"><img loading=\"lazy\" decoding=\"async\" class=\"alignleft size-thumbnail wp-image-928\" title=\"La chanteuse\" alt=\"DSCI1090\" src=\"http:\/\/www.deschamps-web.com\/le_four\/wp-content\/uploads\/2013\/03\/DSCI1090-150x150.jpg\" width=\"150\" height=\"150\" \/><\/a><\/p>\n<p style=\"text-align: center;\"><a href=\"http:\/\/www.deschamps-web.com\/le_four\/wp-content\/uploads\/2013\/03\/DSCI1094.jpg\"><img loading=\"lazy\" decoding=\"async\" class=\"alignright size-thumbnail wp-image-929\" title=\"Le chanteur\" alt=\"DSCI1094\" src=\"http:\/\/www.deschamps-web.com\/le_four\/wp-content\/uploads\/2013\/03\/DSCI1094-150x150.jpg\" width=\"150\" height=\"150\" \/><\/a>\u00a0\u00a0\u00a0\u00a0\u00a0\u00a0\u00a0\u00a0\u00a0\u00a0\u00a0\u00a0\u00a0\u00a0\u00a0\u00a0\u00a0\u00a0\u00a0\u00a0\u00a0\u00a0\u00a0\u00a0\u00a0\u00a0\u00a0\u00a0\u00a0\u00a0\u00a0\u00a0\u00a0\u00a0\u00a0\u00a0\u00a0\u00a0\u00a0\u00a0\u00a0\u00a0\u00a0\u00a0\u00a0\u00a0\u00a0\u00a0\u00a0\u00a0\u00a0\u00a0\u00a0\u00a0\u00a0\u00a0\u00a0\u00a0\u00a0\u00a0\u00a0\u00a0\u00a0\u00a0\u00a0\u00a0\u00a0\u00a0\u00a0\u00a0\u00a0\u00a0\u00a0\u00a0\u00a0\u00a0\u00a0\u00a0\u00a0\u00a0\u00a0\u00a0\u00a0\u00a0\u00a0\u00a0\u00a0\u00a0\u00a0\u00a0\u00a0\u00a0\u00a0\u00a0\u00a0\u00a0\u00a0\u00a0\u00a0\u00a0\u00a0\u00a0\u00a0\u00a0\u00a0\u00a0\u00a0\u00a0\u00a0\u00a0\u00a0\u00a0\u00a0\u00a0\u00a0\u00a0\u00a0\u00a0\u00a0\u00a0\u00a0\u00a0\u00a0\u00a0\u00a0\u00a0\u00a0\u00a0\u00a0\u00a0\u00a0\u00a0\u00a0\u00a0\u00a0\u00a0\u00a0\u00a0\u00a0\u00a0\u00a0\u00a0\u00a0\u00a0\u00a0\u00a0\u00a0\u00a0\u00a0\u00a0\u00a0\u00a0\u00a0\u00a0\u00a0\u00a0\u00a0\u00a0\u00a0\u00a0\u00a0\u00a0\u00a0\u00a0\u00a0\u00a0\u00a0\u00a0\u00a0\u00a0\u00a0\u00a0\u00a0\u00a0\u00a0\u00a0\u00a0\u00a0\u00a0\u00a0\u00a0\u00a0\u00a0\u00a0\u00a0\u00a0\u00a0\u00a0\u00a0\u00a0\u00a0\u00a0\u00a0\u00a0\u00a0\u00a0\u00a0\u00a0\u00a0\u00a0\u00a0\u00a0\u00a0\u00a0\u00a0\u00a0\u00a0\u00a0\u00a0\u00a0\u00a0\u00a0\u00a0\u00a0\u00a0\u00a0\u00a0\u00a0\u00a0\u00a0\u00a0\u00a0\u00a0\u00a0\u00a0\u00a0\u00a0\u00a0\u00a0\u00a0\u00a0\u00a0\u00a0\u00a0\u00a0\u00a0\u00a0\u00a0\u00a0\u00a0\u00a0\u00a0\u00a0\u00a0\u00a0\u00a0\u00a0\u00a0\u00a0\u00a0\u00a0\u00a0\u00a0\u00a0\u00a0\u00a0\u00a0\u00a0\u00a0\u00a0\u00a0\u00a0\u00a0\u00a0\u00a0\u00a0\u00a0\u00a0\u00a0\u00a0\u00a0\u00a0\u00a0\u00a0\u00a0\u00a0\u00a0\u00a0\u00a0\u00a0\u00a0\u00a0\u00a0\u00a0\u00a0\u00a0\u00a0\u00a0\u00a0\u00a0\u00a0\u00a0\u00a0\u00a0\u00a0\u00a0\u00a0\u00a0\u00a0\u00a0\u00a0\u00a0\u00a0\u00a0\u00a0\u00a0\u00a0\u00a0\u00a0\u00a0\u00a0\u00a0\u00a0\u00a0\u00a0\u00a0\u00a0\u00a0 Quant \u00e0 Fran\u00e7ois, il a eu la tr\u00e8s bonne id\u00e9e d\u2019apporter avec lui sa vielle, instrument qu\u2019il pratique depuis quelques mois \u00e0 peine. Nous profitons donc avec joie (et un grand respect) de ses nouveaux talents de vielleur.<a href=\"http:\/\/www.deschamps-web.com\/le_four\/wp-content\/uploads\/2013\/03\/DSCI1086.jpg\"><img loading=\"lazy\" decoding=\"async\" class=\"aligncenter size-thumbnail wp-image-930\" title=\"Le vielleur\" alt=\"DSCI1086\" src=\"http:\/\/www.deschamps-web.com\/le_four\/wp-content\/uploads\/2013\/03\/DSCI1086-150x150.jpg\" width=\"150\" height=\"150\" \/><\/a><\/p>\n<p>&nbsp;<\/p>\n<p>La vielle \u00e9tait tout justement l\u2019ingr\u00e9dient qui convenait pour cette soir\u00e9e. C\u2019est en effet un vieil instrument, n\u00e9 au VIII\u00e8me si\u00e8cle et qui, neuf si\u00e8cles durant, sera l\u2019apanage du peuple et notamment des mendiants aveugles. Puis pendant un si\u00e8cle, il change de niveau social en tombant dans les mains des plus c\u00e9l\u00e8bres luthiers qui en font un instrument richement orn\u00e9 auquel s\u2019int\u00e9resseront de nombreux compositeurs, notamment des violonistes comme Vivaldi ou m\u00eame Mozart. Pourquoi les violonistes\u00a0? Parce que la vielle n\u2019est autre qu\u2019un violon dont l\u2019archet est remplac\u00e9 par une roue et dont les cordes sont pinc\u00e9es par des touches. Mais lorsqu\u2019arrive la R\u00e9volution Fran\u00e7aise \u00e0 la fin du XVIII\u00e8me si\u00e8cle, la vielle, m\u00eame si elle tombe certes un peu en d\u00e9su\u00e9tude, retourne \u00e0 ses sources et redevient l\u2019instrument populaire qu\u2019elle \u00e9tait \u00e0 ses d\u00e9buts, cent ans plus t\u00f4t.<\/p>\n<p>Assaisonn\u00e9e de bonnes conditions climatiques, cette soir\u00e9e se termine tard dans la nuit. Encore une fois, je peux v\u00e9rifier ma th\u00e9orie qui dit que \u00ab\u00a0pour passer un agr\u00e9able moment autour d\u2019une table, le plus important n\u2019est pas ce qu\u2019il y a <strong>sur<\/strong> la table, mais ce qu\u2019il y a <strong>autour<\/strong> de la table\u00a0\u00bb\u2026 Je pense que les voisins se souviendront d\u2019ailleurs davantage de l\u2019agr\u00e9able soir\u00e9e partag\u00e9e que du four en lui-m\u00eame. Esp\u00e9rons que ce dernier ne soit pas trop rancunier et continue \u00e0 nous r\u00e9galer\u00a0! Car au-del\u00e0 de sa mission alimentaire, il faut bien qu\u2019il comprenne que son r\u00f4le principal reste quand m\u00eame de r\u00e9unir des gens pour leur faire passer de bons moments et leur fabriquer d\u2019heureux et fameux souvenirs\u2026<\/p>\n<p>Apr\u00e8s le d\u00e9part des derniers voisins, et avant d\u2019aller se coucher, le comit\u00e9 d\u2019organisation prend le temps de d\u00e9guster une excellente soupe \u00e0 l\u2019oignon, qui a judicieusement \u00e9t\u00e9 pr\u00e9par\u00e9e \u00e0 l\u2019avance. La nuit \u00e9tant tomb\u00e9e depuis bien longtemps, et avec elle la fra\u00eecheur, nous nous installons dans la \u00ab\u00a0fourniar\u00a0\u00bb. Nous donnons ainsi \u00e0 ce lieu une nouvelle fonction qui n\u2019est pas celle initialement pr\u00e9vue par mes anc\u00eatres et leurs contemporains\u00a0!<\/p>\n<p style=\"text-align: center;\"><a href=\"http:\/\/www.deschamps-web.com\/le_four\/wp-content\/uploads\/2013\/03\/DSC_4558.jpg\"><img loading=\"lazy\" decoding=\"async\" class=\"aligncenter size-thumbnail wp-image-927\" title=\"La r\u00e9union de fin de soir\u00e9e\" alt=\"DSC_4558\" src=\"http:\/\/www.deschamps-web.com\/le_four\/wp-content\/uploads\/2013\/03\/DSC_4558-150x150.jpg\" width=\"150\" height=\"150\" \/><\/a><\/p>\n<p>\u00a0\u00a0\u00a0\u00a0\u00a0\u00a0\u00a0\u00a0\u00a0\u00a0\u00a0 L\u2019ann\u00e9e derni\u00e8re, la famille et les amis \u00e9taient l\u00e0 pour l\u2019inauguration du four. Cette ann\u00e9e, les voisins \u00e9taient l\u00e0 pour voir l\u2019avancement des travaux. Et l\u2019ann\u00e9e prochaine\u00a0? Je ne me fais aucun souci\u00a0: il y aura bien quelqu\u2019un dans mon entourage proche qui aura une autre id\u00e9e et trouvera un nouveau pr\u00e9texte \u00e0 une r\u00e9union de ce type\u00a0!<\/p>\n<p>En attendant, il faudrait que je me remette au travail, si je veux que ma \u00ab\u00a0fourniar\u00a0\u00bb soit hors eau avant l\u2019hiver\u00a0! Les goutti\u00e8res sont en place mais si je ne couvre pas le toit rapidement, \u00e7a n\u2019aura servi \u00e0 rien de tant r\u00e9fl\u00e9chir\u00a0!<\/p>\n<p>Je continue donc la pose des ardoises. Sur un toit droit comme celui que je suis en train de r\u00e9aliser, la pose des ardoises est bien entendu plus simple que sur un toit rond. Malgr\u00e9 cela, il faut n\u00e9anmoins \u00eatre plus strict sur la plan\u00e9it\u00e9 des ardoises\u00a0: en effet, le moindre d\u00e9faut se remarque ici davantage que sur un toit rond.<\/p>\n<p>J\u2019attaque donc un premier pan du toit. A la vitesse de 2 m<sup>2<\/sup>\/jour, la productivit\u00e9 n\u2019est pas forc\u00e9ment optimale, mais qu\u2019importe, j\u2019ai le temps\u00a0! Hormis quelques douleurs qui se sont rapidement \u00e9veill\u00e9es dans mes vieilles articulations (geste r\u00e9p\u00e9titif de la taille, nombreuses mont\u00e9es (et descentes\u00a0!) \u00e0 l\u2019\u00e9chelle\u2026), je ne rencontre pas de difficult\u00e9s particuli\u00e8res au cours de ce travail. Je m\u2019offre m\u00eame le luxe de me reposer quelques jours avant d\u2019entreprendre le second pan\u00a0! Maintenant que le toit est couvert, je peux constater que sur le premier pan, je n\u2019ai pas assez contr\u00f4l\u00e9 mes ardoises et l\u2019on peut y remarquer des d\u00e9fauts qui existent moins sur le second.<\/p>\n<p><a href=\"http:\/\/www.deschamps-web.com\/le_four\/wp-content\/uploads\/2013\/03\/PICT1432.jpg\"><img loading=\"lazy\" decoding=\"async\" class=\"alignleft size-thumbnail wp-image-931\" title=\"Le premier pan\" alt=\"PICT1432\" src=\"http:\/\/www.deschamps-web.com\/le_four\/wp-content\/uploads\/2013\/03\/PICT1432-150x150.jpg\" width=\"150\" height=\"150\" \/><\/a><\/p>\n<p><a href=\"http:\/\/www.deschamps-web.com\/le_four\/wp-content\/uploads\/2013\/03\/PICT1692.jpg\"><img loading=\"lazy\" decoding=\"async\" class=\"alignright size-thumbnail wp-image-932\" title=\"Et le second\" alt=\"PICT1692\" src=\"http:\/\/www.deschamps-web.com\/le_four\/wp-content\/uploads\/2013\/03\/PICT1692-150x150.jpg\" width=\"150\" height=\"150\" \/><\/a>\u00a0\u00a0\u00a0\u00a0\u00a0\u00a0\u00a0\u00a0\u00a0\u00a0\u00a0\u00a0\u00a0\u00a0\u00a0\u00a0\u00a0\u00a0\u00a0\u00a0\u00a0\u00a0\u00a0\u00a0\u00a0\u00a0\u00a0\u00a0\u00a0\u00a0\u00a0\u00a0\u00a0\u00a0\u00a0\u00a0\u00a0\u00a0\u00a0\u00a0\u00a0\u00a0\u00a0\u00a0\u00a0\u00a0\u00a0\u00a0\u00a0\u00a0\u00a0\u00a0\u00a0\u00a0\u00a0\u00a0\u00a0\u00a0\u00a0\u00a0\u00a0\u00a0\u00a0\u00a0\u00a0\u00a0\u00a0\u00a0\u00a0\u00a0\u00a0\u00a0\u00a0\u00a0\u00a0\u00a0\u00a0\u00a0\u00a0\u00a0\u00a0\u00a0\u00a0\u00a0\u00a0\u00a0\u00a0\u00a0\u00a0\u00a0\u00a0\u00a0\u00a0\u00a0\u00a0\u00a0\u00a0\u00a0\u00a0\u00a0\u00a0\u00a0\u00a0\u00a0\u00a0\u00a0\u00a0\u00a0\u00a0\u00a0\u00a0\u00a0\u00a0\u00a0\u00a0\u00a0\u00a0\u00a0\u00a0\u00a0\u00a0\u00a0\u00a0\u00a0\u00a0\u00a0\u00a0\u00a0\u00a0\u00a0\u00a0\u00a0\u00a0\u00a0\u00a0\u00a0\u00a0\u00a0\u00a0\u00a0\u00a0\u00a0\u00a0\u00a0\u00a0\u00a0\u00a0\u00a0\u00a0\u00a0\u00a0\u00a0\u00a0\u00a0\u00a0\u00a0\u00a0\u00a0\u00a0\u00a0\u00a0\u00a0\u00a0\u00a0\u00a0\u00a0\u00a0\u00a0\u00a0\u00a0\u00a0\u00a0\u00a0\u00a0\u00a0\u00a0\u00a0\u00a0\u00a0\u00a0\u00a0\u00a0\u00a0\u00a0\u00a0\u00a0\u00a0\u00a0\u00a0\u00a0\u00a0\u00a0\u00a0\u00a0\u00a0\u00a0\u00a0\u00a0\u00a0\u00a0\u00a0\u00a0\u00a0\u00a0\u00a0\u00a0\u00a0\u00a0\u00a0\u00a0\u00a0\u00a0\u00a0\u00a0\u00a0\u00a0\u00a0\u00a0\u00a0\u00a0\u00a0\u00a0\u00a0\u00a0\u00a0\u00a0\u00a0\u00a0\u00a0\u00a0\u00a0\u00a0\u00a0\u00a0\u00a0\u00a0\u00a0\u00a0\u00a0\u00a0\u00a0\u00a0\u00a0\u00a0\u00a0\u00a0\u00a0\u00a0\u00a0\u00a0\u00a0\u00a0\u00a0\u00a0\u00a0\u00a0\u00a0\u00a0\u00a0\u00a0\u00a0\u00a0\u00a0\u00a0\u00a0\u00a0\u00a0\u00a0\u00a0\u00a0\u00a0\u00a0\u00a0\u00a0\u00a0\u00a0\u00a0\u00a0\u00a0\u00a0\u00a0\u00a0\u00a0\u00a0\u00a0\u00a0\u00a0\u00a0\u00a0\u00a0\u00a0\u00a0\u00a0\u00a0\u00a0\u00a0\u00a0\u00a0\u00a0\u00a0\u00a0\u00a0\u00a0\u00a0\u00a0\u00a0\u00a0\u00a0\u00a0\u00a0\u00a0\u00a0\u00a0\u00a0\u00a0\u00a0\u00a0\u00a0\u00a0\u00a0\u00a0\u00a0\u00a0\u00a0\u00a0\u00a0\u00a0 Ceci v\u00e9rifie l\u2019adage qui dit que <em>c\u2019est en forgeant qu\u2019on devient forgeron\u2026<\/em> <em>C\u2019est donc en couvrant qu\u2019on devient couvreur\u2026<\/em> Mais malgr\u00e9 mes progr\u00e8s, je reste modeste et suis conscient que ma marge de progression reste encore importante\u00a0! Je maintiens que le couvreur-poseur d\u2019ardoises, qu\u2019il soit d\u2019Allassac, de Travassac ou d\u2019ailleurs, est un sacr\u00e9 <strong>Artiste<\/strong> et je comprends mieux que ce terme ait la m\u00eame \u00e9tymologie que le mot \u00ab\u00a0<strong>artisan<\/strong>\u00a0\u00bb\u00a0!<\/p>\n<p>Les ardoises pos\u00e9es, je mets en place le fa\u00eetage en zinc et termine tous les joints d\u2019\u00e9tanch\u00e9it\u00e9, en particulier autour de la chemin\u00e9e. Je l\u2019avoue\u00a0: je triche un peu et utilise un de ces nombreux produits \u00e0 base de silicone que l\u2019on trouve aujourd\u2019hui dans le commerce.<\/p>\n<p style=\"text-align: center;\"><a href=\"http:\/\/www.deschamps-web.com\/le_four\/wp-content\/uploads\/2013\/03\/PICT1699.jpg\"><img loading=\"lazy\" decoding=\"async\" class=\"aligncenter size-thumbnail wp-image-933\" title=\"Le fa\u00eetage\" alt=\"PICT1699\" src=\"http:\/\/www.deschamps-web.com\/le_four\/wp-content\/uploads\/2013\/03\/PICT1699-150x150.jpg\" width=\"150\" height=\"150\" \/><\/a><\/p>\n<p>\u00a0\u00a0\u00a0\u00a0\u00a0\u00a0\u00a0\u00a0\u00a0\u00a0\u00a0 Ma construction se trouvant sous un grand ch\u00eane, je mets en place, en pr\u00e9vision des automnes, des pare-feuilles dans les goutti\u00e8res. Ces pare-feuilles sont des grilles en aluminium qui se fixent sur le bord roul\u00e9 de la goutti\u00e8re \u00e0 l\u2019aide de clips.<\/p>\n<p><a href=\"http:\/\/www.deschamps-web.com\/le_four\/wp-content\/uploads\/2013\/03\/PICT1705.jpg\"><img loading=\"lazy\" decoding=\"async\" class=\"alignleft size-thumbnail wp-image-934\" title=\"Le pare feuilles\" alt=\"PICT1705\" src=\"http:\/\/www.deschamps-web.com\/le_four\/wp-content\/uploads\/2013\/03\/PICT1705-150x150.jpg\" width=\"150\" height=\"150\" \/><\/a><\/p>\n<p><a href=\"http:\/\/www.deschamps-web.com\/le_four\/wp-content\/uploads\/2013\/03\/PICT1707.jpg\"><img loading=\"lazy\" decoding=\"async\" class=\"alignright size-thumbnail wp-image-935\" title=\"De plus pr\u00e8s\" alt=\"PICT1707\" src=\"http:\/\/www.deschamps-web.com\/le_four\/wp-content\/uploads\/2013\/03\/PICT1707-150x150.jpg\" width=\"150\" height=\"150\" \/><\/a>\u00a0\u00a0\u00a0\u00a0\u00a0\u00a0\u00a0\u00a0\u00a0\u00a0\u00a0\u00a0\u00a0\u00a0\u00a0\u00a0\u00a0\u00a0\u00a0\u00a0\u00a0\u00a0\u00a0\u00a0\u00a0\u00a0\u00a0\u00a0\u00a0\u00a0\u00a0\u00a0\u00a0\u00a0\u00a0\u00a0\u00a0\u00a0\u00a0\u00a0\u00a0\u00a0\u00a0\u00a0\u00a0\u00a0\u00a0\u00a0\u00a0\u00a0\u00a0\u00a0\u00a0\u00a0\u00a0\u00a0\u00a0\u00a0\u00a0\u00a0\u00a0\u00a0\u00a0\u00a0\u00a0\u00a0\u00a0\u00a0\u00a0\u00a0\u00a0\u00a0\u00a0\u00a0\u00a0\u00a0\u00a0\u00a0\u00a0\u00a0\u00a0\u00a0\u00a0\u00a0\u00a0\u00a0\u00a0\u00a0\u00a0\u00a0\u00a0\u00a0\u00a0\u00a0\u00a0\u00a0\u00a0\u00a0\u00a0\u00a0\u00a0\u00a0\u00a0\u00a0\u00a0\u00a0\u00a0\u00a0\u00a0\u00a0\u00a0\u00a0\u00a0\u00a0\u00a0\u00a0\u00a0\u00a0\u00a0\u00a0\u00a0\u00a0\u00a0\u00a0\u00a0\u00a0\u00a0\u00a0\u00a0\u00a0\u00a0\u00a0\u00a0\u00a0\u00a0\u00a0\u00a0\u00a0\u00a0\u00a0\u00a0\u00a0\u00a0\u00a0\u00a0\u00a0\u00a0\u00a0\u00a0\u00a0\u00a0\u00a0\u00a0\u00a0\u00a0\u00a0\u00a0\u00a0\u00a0\u00a0\u00a0\u00a0\u00a0\u00a0\u00a0\u00a0\u00a0\u00a0\u00a0\u00a0\u00a0\u00a0\u00a0\u00a0\u00a0\u00a0\u00a0\u00a0\u00a0\u00a0\u00a0\u00a0\u00a0\u00a0\u00a0\u00a0\u00a0\u00a0\u00a0\u00a0\u00a0\u00a0\u00a0\u00a0\u00a0\u00a0\u00a0\u00a0\u00a0\u00a0\u00a0\u00a0\u00a0\u00a0\u00a0\u00a0\u00a0\u00a0\u00a0\u00a0\u00a0\u00a0\u00a0\u00a0\u00a0\u00a0\u00a0\u00a0\u00a0\u00a0\u00a0\u00a0\u00a0\u00a0\u00a0\u00a0\u00a0\u00a0\u00a0\u00a0\u00a0\u00a0\u00a0\u00a0\u00a0\u00a0\u00a0\u00a0\u00a0\u00a0\u00a0\u00a0\u00a0\u00a0\u00a0\u00a0\u00a0\u00a0\u00a0\u00a0\u00a0\u00a0\u00a0\u00a0\u00a0\u00a0\u00a0\u00a0\u00a0\u00a0\u00a0\u00a0\u00a0\u00a0\u00a0\u00a0\u00a0\u00a0\u00a0\u00a0\u00a0\u00a0\u00a0\u00a0\u00a0\u00a0\u00a0\u00a0\u00a0\u00a0\u00a0\u00a0\u00a0\u00a0\u00a0\u00a0\u00a0\u00a0\u00a0\u00a0\u00a0\u00a0\u00a0\u00a0\u00a0\u00a0\u00a0\u00a0\u00a0\u00a0\u00a0\u00a0\u00a0\u00a0\u00a0\u00a0\u00a0\u00a0\u00a0\u00a0\u00a0\u00a0\u00a0\u00a0\u00a0\u00a0\u00a0\u00a0\u00a0 Mais le toit ne peut \u00eatre fini qu\u2019avec la mise en place d\u2019une girouette. Le plus difficile, c\u2019est le choix du mod\u00e8le. Je confie cette t\u00e2che aux trois d\u00e9cideurs (Delphine, Juliette et Franck) et j\u2019attends leur choix.<\/p>\n<p>Cette absence provisoire de girouette, n\u2019emp\u00eache pas ma \u00ab\u00a0fourniar\u00a0\u00bb d\u2019\u00eatre \u00e0 l\u2019abri avant l\u2019hiver, ce qui \u00e9tait mon objectif en ce d\u00e9but d\u2019automne. Il \u00e9tait temps car, le dernier apr\u00e8s-midi que j\u2019ai pass\u00e9 sur le toit, j\u2019ai eu la chance de pouvoir ADMIRER de nombreux vols de grues cendr\u00e9es en partance pour des r\u00e9gions plus chaudes\u2026 De m\u00e9moire de paysan, ces vols bruyants sont LE signe annonciateur de l\u2019hiver, \u00ab\u00a0signe aussi fiable que la m\u00e9t\u00e9o de la t\u00e9l\u00e9vision ou d\u2019internet\u00a0\u00bb aurait pu dire mon grand-p\u00e8re\u2026 J\u2019exag\u00e8re, il n\u2019aurait pas pu le dire car il n\u2019a bien entendu connu ni la t\u00e9l\u00e9, ni internet. Ce qui ne l\u2019emp\u00eachait pas de vivre heureux avec ma grand-m\u00e8re, dans sa petite ferme, entour\u00e9s de leurs quelques animaux, sans t\u00e9l\u00e9phone, t\u00e9l\u00e9, radio, ni m\u00eame journaux. L\u2019animation, c\u2019\u00e9tait moi qui l\u2019apportait en venant passer la journ\u00e9e avec eux le jeudi\u2026<\/p>\n<p>Et voil\u00e0 qu\u2019un demi-si\u00e8cle plus tard, un dimanche cette fois, mon petit-fils Samuel est avec moi. T\u00f4t le matin et du haut de ces presque trois ans, il commence par aider sa mamie \u00e0 la confection de la \u00ab\u00a0flognarde\u00a0\u00bb, pendant que je m\u2019active \u00e0 la mise en chauffe du four et \u00e0 la pr\u00e9paration du pain.<\/p>\n<p>Puis, lorsqu\u2019arrive l\u2019heure d\u2019enfourner, c\u2019est lui qui assure, avec son tracteur et sa remorque, le transport des p\u00e2tons vers le four. Qui est le plus heureux, le jeune conducteur de tracteur ou le papy qui prend la photo\u00a0?<\/p>\n<p>&nbsp;<\/p>\n<p>&nbsp;<\/p>\n<p><a href=\"http:\/\/www.deschamps-web.com\/le_four\/wp-content\/uploads\/2013\/03\/PICT1711.jpg\"><img loading=\"lazy\" decoding=\"async\" class=\"alignright size-thumbnail wp-image-937\" title=\"Le transporteur\" alt=\"PICT1711\" src=\"http:\/\/www.deschamps-web.com\/le_four\/wp-content\/uploads\/2013\/03\/PICT1711-150x150.jpg\" width=\"150\" height=\"150\" \/><\/a><\/p>\n<p><a href=\"http:\/\/www.deschamps-web.com\/le_four\/wp-content\/uploads\/2013\/03\/PICT1708.jpg\"><img loading=\"lazy\" decoding=\"async\" class=\"alignleft size-thumbnail wp-image-936\" title=\"Le p\u00e2tissier\" alt=\"PICT1708\" src=\"http:\/\/www.deschamps-web.com\/le_four\/wp-content\/uploads\/2013\/03\/PICT1708-150x150.jpg\" width=\"150\" height=\"150\" \/><\/a>\u00a0\u00a0\u00a0\u00a0\u00a0\u00a0\u00a0\u00a0\u00a0\u00a0\u00a0\u00a0\u00a0\u00a0\u00a0\u00a0\u00a0\u00a0\u00a0\u00a0\u00a0\u00a0\u00a0\u00a0\u00a0\u00a0\u00a0\u00a0\u00a0\u00a0\u00a0\u00a0\u00a0\u00a0\u00a0\u00a0\u00a0\u00a0\u00a0\u00a0\u00a0\u00a0\u00a0\u00a0\u00a0\u00a0\u00a0\u00a0\u00a0\u00a0\u00a0\u00a0\u00a0\u00a0\u00a0\u00a0\u00a0\u00a0\u00a0\u00a0\u00a0\u00a0\u00a0\u00a0\u00a0\u00a0\u00a0\u00a0\u00a0\u00a0\u00a0\u00a0\u00a0\u00a0\u00a0\u00a0\u00a0\u00a0\u00a0\u00a0\u00a0\u00a0\u00a0\u00a0\u00a0\u00a0\u00a0\u00a0\u00a0\u00a0\u00a0\u00a0\u00a0\u00a0\u00a0\u00a0\u00a0\u00a0\u00a0\u00a0\u00a0\u00a0\u00a0\u00a0\u00a0\u00a0\u00a0\u00a0\u00a0\u00a0\u00a0\u00a0\u00a0\u00a0\u00a0\u00a0\u00a0\u00a0\u00a0\u00a0\u00a0\u00a0\u00a0\u00a0\u00a0\u00a0\u00a0\u00a0\u00a0\u00a0\u00a0\u00a0\u00a0\u00a0\u00a0\u00a0\u00a0\u00a0\u00a0\u00a0\u00a0\u00a0\u00a0\u00a0\u00a0\u00a0\u00a0\u00a0\u00a0\u00a0\u00a0\u00a0\u00a0\u00a0\u00a0\u00a0\u00a0\u00a0\u00a0\u00a0\u00a0\u00a0\u00a0\u00a0\u00a0\u00a0\u00a0\u00a0\u00a0\u00a0\u00a0\u00a0\u00a0\u00a0\u00a0\u00a0\u00a0\u00a0\u00a0\u00a0\u00a0\u00a0\u00a0\u00a0\u00a0\u00a0\u00a0\u00a0\u00a0\u00a0\u00a0\u00a0\u00a0\u00a0\u00a0\u00a0\u00a0\u00a0\u00a0\u00a0\u00a0\u00a0\u00a0\u00a0\u00a0\u00a0\u00a0\u00a0\u00a0\u00a0\u00a0\u00a0\u00a0\u00a0\u00a0\u00a0\u00a0\u00a0\u00a0\u00a0\u00a0\u00a0\u00a0\u00a0\u00a0\u00a0\u00a0\u00a0\u00a0\u00a0\u00a0\u00a0\u00a0\u00a0\u00a0\u00a0\u00a0\u00a0\u00a0\u00a0\u00a0\u00a0\u00a0\u00a0\u00a0\u00a0\u00a0\u00a0\u00a0\u00a0\u00a0\u00a0\u00a0\u00a0\u00a0\u00a0\u00a0\u00a0\u00a0\u00a0\u00a0\u00a0 \u00a0\u00a0\u00a0\u00a0\u00a0\u00a0\u00a0\u00a0\u00a0\u00a0\u00a0\u00a0\u00a0\u00a0\u00a0\u00a0\u00a0\u00a0\u00a0\u00a0\u00a0\u00a0\u00a0\u00a0\u00a0\u00a0\u00a0\u00a0\u00a0\u00a0\u00a0\u00a0\u00a0\u00a0\u00a0\u00a0\u00a0\u00a0\u00a0\u00a0\u00a0\u00a0\u00a0\u00a0\u00a0\u00a0\u00a0\u00a0\u00a0\u00a0\u00a0\u00a0\u00a0\u00a0\u00a0\u00a0\u00a0\u00a0\u00a0\u00a0\u00a0\u00a0\u00a0\u00a0\u00a0\u00a0\u00a0\u00a0\u00a0\u00a0\u00a0\u00a0\u00a0\u00a0\u00a0\u00a0\u00a0\u00a0\u00a0\u00a0\u00a0\u00a0\u00a0\u00a0\u00a0\u00a0\u00a0\u00a0\u00a0\u00a0\u00a0\u00a0\u00a0\u00a0\u00a0\u00a0\u00a0\u00a0\u00a0\u00a0\u00a0\u00a0\u00a0\u00a0\u00a0\u00a0\u00a0\u00a0\u00a0\u00a0\u00a0\u00a0\u00a0\u00a0\u00a0\u00a0\u00a0\u00a0\u00a0\u00a0\u00a0\u00a0\u00a0\u00a0\u00a0\u00a0\u00a0\u00a0\u00a0\u00a0\u00a0\u00a0\u00a0\u00a0\u00a0\u00a0\u00a0\u00a0\u00a0\u00a0\u00a0\u00a0\u00a0\u00a0\u00a0\u00a0\u00a0\u00a0\u00a0\u00a0\u00a0\u00a0\u00a0\u00a0\u00a0\u00a0\u00a0\u00a0\u00a0\u00a0\u00a0\u00a0\u00a0\u00a0\u00a0\u00a0\u00a0\u00a0\u00a0\u00a0\u00a0\u00a0\u00a0\u00a0\u00a0\u00a0\u00a0\u00a0\u00a0\u00a0\u00a0\u00a0\u00a0\u00a0\u00a0\u00a0\u00a0\u00a0\u00a0\u00a0\u00a0\u00a0\u00a0\u00a0\u00a0\u00a0\u00a0\u00a0\u00a0\u00a0\u00a0\u00a0\u00a0\u00a0\u00a0\u00a0\u00a0\u00a0\u00a0\u00a0\u00a0\u00a0\u00a0\u00a0\u00a0\u00a0\u00a0\u00a0\u00a0\u00a0\u00a0\u00a0\u00a0\u00a0\u00a0\u00a0\u00a0\u00a0\u00a0\u00a0\u00a0\u00a0\u00a0\u00a0\u00a0 Ce jour-l\u00e0, il n\u2019y a pas beaucoup de monde pendant la cuisson, ce qui me laisse du temps pour observer (voire inspecter\u00a0!) ce que j\u2019ai r\u00e9alis\u00e9 depuis deux ans. C\u2019est ainsi que mes yeux se portent sur une toile d\u2019araign\u00e9e qu\u2019une habitante est venue tisser dans un angle de la porte de la \u00ab\u00a0fourniar\u00a0\u00bb. Jusque l\u00e0, rien d\u2019\u00e9tonnant&#8230; \u00e0 ceci pr\u00e8s qu\u2019elle s\u2019est install\u00e9e entre deux \u00e9l\u00e9ments de ch\u00e2taignier, ce qui pour moi est une grosse surprise, car j\u2019ai toujours entendu dire que\u00a0: <em>\u00ab\u00a0din no sarpento en chastang, n\u2019y o jomai de rentialas\u00a0\u00bb<\/em> <em>(\u00ab\u00a0dans une charpente en ch\u00e2taignier, il n\u2019y a jamais de toiles d\u2019araign\u00e9es\u00a0\u00bb)<\/em>. Disons que c\u2019est l\u2019exception qui confirme la r\u00e8gle , mais ce n\u2019est quand m\u00eame pas tr\u00e8s bon pour moi\u2026 Parce que le m\u00e9nage et moi\u2026<\/p>\n<p><a href=\"http:\/\/www.deschamps-web.com\/le_four\/wp-content\/uploads\/2013\/03\/PICT1723.jpg\"><img loading=\"lazy\" decoding=\"async\" class=\"alignleft size-thumbnail wp-image-939\" title=\"Lo rentialo\" alt=\"PICT1723\" src=\"http:\/\/www.deschamps-web.com\/le_four\/wp-content\/uploads\/2013\/03\/PICT1723-150x150.jpg\" width=\"150\" height=\"150\" \/><\/a><\/p>\n<p><a href=\"http:\/\/www.deschamps-web.com\/le_four\/wp-content\/uploads\/2013\/03\/PICT1722.jpg\"><img loading=\"lazy\" decoding=\"async\" class=\"alignright size-thumbnail wp-image-938\" title=\"N'aotro\" alt=\"PICT1722\" src=\"http:\/\/www.deschamps-web.com\/le_four\/wp-content\/uploads\/2013\/03\/PICT1722-150x150.jpg\" width=\"150\" height=\"150\" \/><\/a>\u00a0\u00a0\u00a0\u00a0\u00a0\u00a0\u00a0\u00a0\u00a0\u00a0\u00a0\u00a0\u00a0\u00a0\u00a0\u00a0\u00a0\u00a0\u00a0\u00a0\u00a0\u00a0\u00a0\u00a0\u00a0\u00a0\u00a0\u00a0\u00a0\u00a0\u00a0\u00a0\u00a0\u00a0\u00a0\u00a0\u00a0\u00a0\u00a0\u00a0\u00a0\u00a0\u00a0\u00a0\u00a0\u00a0\u00a0\u00a0\u00a0\u00a0\u00a0\u00a0\u00a0\u00a0\u00a0\u00a0\u00a0\u00a0\u00a0\u00a0\u00a0\u00a0\u00a0\u00a0\u00a0\u00a0\u00a0\u00a0\u00a0\u00a0\u00a0\u00a0\u00a0\u00a0\u00a0\u00a0\u00a0\u00a0\u00a0\u00a0\u00a0\u00a0\u00a0\u00a0\u00a0\u00a0\u00a0\u00a0\u00a0\u00a0\u00a0\u00a0\u00a0\u00a0\u00a0\u00a0\u00a0\u00a0\u00a0\u00a0\u00a0\u00a0\u00a0\u00a0\u00a0\u00a0\u00a0\u00a0\u00a0\u00a0\u00a0\u00a0\u00a0\u00a0\u00a0\u00a0\u00a0\u00a0\u00a0\u00a0\u00a0\u00a0\u00a0\u00a0\u00a0\u00a0\u00a0\u00a0\u00a0\u00a0\u00a0\u00a0\u00a0\u00a0\u00a0\u00a0\u00a0\u00a0\u00a0\u00a0\u00a0\u00a0\u00a0\u00a0\u00a0\u00a0\u00a0\u00a0\u00a0\u00a0\u00a0\u00a0\u00a0\u00a0\u00a0\u00a0\u00a0\u00a0\u00a0\u00a0\u00a0\u00a0\u00a0\u00a0\u00a0\u00a0\u00a0\u00a0\u00a0\u00a0\u00a0\u00a0\u00a0\u00a0\u00a0\u00a0\u00a0\u00a0\u00a0\u00a0\u00a0\u00a0\u00a0\u00a0\u00a0\u00a0\u00a0\u00a0\u00a0\u00a0\u00a0\u00a0\u00a0\u00a0\u00a0\u00a0\u00a0\u00a0\u00a0\u00a0\u00a0\u00a0\u00a0\u00a0\u00a0\u00a0\u00a0\u00a0\u00a0\u00a0\u00a0\u00a0\u00a0\u00a0\u00a0\u00a0\u00a0\u00a0\u00a0\u00a0\u00a0\u00a0\u00a0\u00a0\u00a0\u00a0\u00a0\u00a0\u00a0\u00a0\u00a0\u00a0\u00a0\u00a0\u00a0\u00a0\u00a0\u00a0\u00a0\u00a0\u00a0\u00a0\u00a0\u00a0\u00a0\u00a0\u00a0\u00a0\u00a0\u00a0\u00a0\u00a0\u00a0\u00a0\u00a0\u00a0\u00a0\u00a0\u00a0\u00a0\u00a0\u00a0\u00a0\u00a0\u00a0\u00a0\u00a0\u00a0\u00a0\u00a0\u00a0\u00a0\u00a0\u00a0\u00a0\u00a0\u00a0\u00a0\u00a0\u00a0\u00a0\u00a0\u00a0\u00a0\u00a0\u00a0\u00a0\u00a0\u00a0\u00a0\u00a0\u00a0\u00a0\u00a0\u00a0\u00a0\u00a0\u00a0\u00a0\u00a0\u00a0\u00a0\u00a0\u00a0\u00a0\u00a0\u00a0\u00a0\u00a0\u00a0\u00a0\u00a0\u00a0\u00a0\u00a0\u00a0\u00a0\u00a0\u00a0\u00a0\u00a0\u00a0\u00a0\u00a0 En \u00e9crivant ceci, je remarque encore une fois que notre patois corr\u00e9zien est une langue plus pr\u00e9cise que le fran\u00e7ais. Le mot \u00ab\u00a0rentialo\u00a0\u00bb, qui signifie \u00ab\u00a0toile d\u2019araign\u00e9e\u00a0\u00bb, n\u2019a pas d\u2019\u00e9quivalent en fran\u00e7ais. Il faut en effet une association de deux mots pour le traduire\u00a0: \u00ab\u00a0toile\u00a0\u00bb et \u00ab\u00a0d\u2019araign\u00e9e\u00a0\u00bb (ceci marche aussi pour la \u00ab\u00a0<em>brade<\/em>\u00a0\u00bb, c\u2019est-\u00e0-dire la \u00ab\u00a0gel\u00e9e blanche\u00a0\u00bb en fran\u00e7ais, et pour bien d\u2019autres termes encore\u2026).<\/p>\n<p>Apr\u00e8s ce petit cours de fran\u00e7ais (si mes anciens professeurs me voyaient, ils en riraient bien\u00a0!), je reprends la truelle et la taloche pour continuer les joints du mur du cul du four, ce qui est une activit\u00e9 beaucoup plus naturelle pour moi\u00a0! Une journ\u00e9e plus tard, cette t\u00e2che est termin\u00e9e.<\/p>\n<p><a href=\"http:\/\/www.deschamps-web.com\/le_four\/wp-content\/uploads\/2013\/03\/PICT1437.jpg\"><img loading=\"lazy\" decoding=\"async\" class=\"alignleft size-thumbnail wp-image-940\" title=\"Avant les joints\" alt=\"PICT1437\" src=\"http:\/\/www.deschamps-web.com\/le_four\/wp-content\/uploads\/2013\/03\/PICT1437-150x150.jpg\" width=\"150\" height=\"150\" \/><\/a><\/p>\n<p><a href=\"http:\/\/www.deschamps-web.com\/le_four\/wp-content\/uploads\/2013\/03\/PICT1717.jpg\"><img loading=\"lazy\" decoding=\"async\" class=\"alignright size-thumbnail wp-image-941\" title=\"Apr\u00e9s\" alt=\"PICT1717\" src=\"http:\/\/www.deschamps-web.com\/le_four\/wp-content\/uploads\/2013\/03\/PICT1717-150x150.jpg\" width=\"150\" height=\"150\" \/><\/a>\u00a0\u00a0\u00a0\u00a0\u00a0\u00a0\u00a0\u00a0\u00a0\u00a0\u00a0\u00a0\u00a0\u00a0\u00a0\u00a0\u00a0\u00a0\u00a0\u00a0\u00a0\u00a0\u00a0\u00a0\u00a0\u00a0\u00a0\u00a0\u00a0\u00a0\u00a0\u00a0\u00a0\u00a0\u00a0\u00a0\u00a0\u00a0\u00a0\u00a0\u00a0\u00a0\u00a0\u00a0\u00a0\u00a0\u00a0\u00a0\u00a0\u00a0\u00a0\u00a0\u00a0\u00a0\u00a0\u00a0\u00a0\u00a0\u00a0\u00a0\u00a0\u00a0\u00a0\u00a0\u00a0\u00a0\u00a0\u00a0\u00a0\u00a0\u00a0\u00a0\u00a0\u00a0\u00a0\u00a0\u00a0\u00a0\u00a0\u00a0\u00a0\u00a0\u00a0\u00a0\u00a0\u00a0\u00a0\u00a0\u00a0\u00a0\u00a0\u00a0\u00a0\u00a0\u00a0\u00a0\u00a0\u00a0\u00a0\u00a0\u00a0\u00a0\u00a0\u00a0\u00a0\u00a0\u00a0\u00a0\u00a0\u00a0\u00a0\u00a0\u00a0\u00a0\u00a0\u00a0\u00a0\u00a0\u00a0\u00a0\u00a0\u00a0\u00a0\u00a0\u00a0\u00a0\u00a0\u00a0\u00a0\u00a0\u00a0\u00a0\u00a0\u00a0\u00a0\u00a0\u00a0\u00a0\u00a0\u00a0\u00a0\u00a0\u00a0\u00a0\u00a0\u00a0\u00a0\u00a0\u00a0\u00a0\u00a0\u00a0\u00a0\u00a0\u00a0\u00a0\u00a0\u00a0\u00a0\u00a0\u00a0\u00a0\u00a0\u00a0\u00a0\u00a0\u00a0\u00a0\u00a0\u00a0\u00a0\u00a0\u00a0\u00a0\u00a0\u00a0\u00a0\u00a0\u00a0\u00a0\u00a0\u00a0\u00a0\u00a0\u00a0\u00a0\u00a0\u00a0\u00a0\u00a0\u00a0\u00a0\u00a0\u00a0\u00a0\u00a0\u00a0\u00a0\u00a0\u00a0\u00a0\u00a0\u00a0\u00a0\u00a0\u00a0\u00a0\u00a0\u00a0\u00a0\u00a0\u00a0\u00a0\u00a0\u00a0\u00a0\u00a0\u00a0\u00a0\u00a0\u00a0\u00a0\u00a0\u00a0\u00a0\u00a0\u00a0\u00a0\u00a0\u00a0\u00a0\u00a0\u00a0\u00a0\u00a0\u00a0\u00a0\u00a0\u00a0\u00a0\u00a0\u00a0\u00a0\u00a0\u00a0\u00a0\u00a0\u00a0\u00a0\u00a0\u00a0\u00a0\u00a0\u00a0\u00a0\u00a0\u00a0\u00a0\u00a0\u00a0\u00a0\u00a0\u00a0\u00a0\u00a0\u00a0\u00a0\u00a0\u00a0\u00a0\u00a0\u00a0\u00a0\u00a0\u00a0\u00a0\u00a0\u00a0\u00a0\u00a0\u00a0\u00a0\u00a0\u00a0\u00a0\u00a0\u00a0\u00a0\u00a0\u00a0\u00a0\u00a0\u00a0\u00a0\u00a0\u00a0\u00a0\u00a0\u00a0\u00a0\u00a0\u00a0\u00a0\u00a0\u00a0\u00a0\u00a0\u00a0\u00a0\u00a0\u00a0\u00a0\u00a0\u00a0\u00a0\u00a0\u00a0\u00a0\u00a0\u00a0\u00a0\u00a0\u00a0\u00a0\u00a0\u00a0\u00a0\u00a0\u00a0\u00a0\u00a0Je Je remarque que depuis quelque temps, j\u2019utilise de plus en plus souvent l\u2019adjectif \u00ab\u00a0termin\u00e9\u00a0\u00bb\u00a0! Ca me fait quand m\u00eame plaisir de constater qu\u2019il ne me reste plus que l\u2019int\u00e9rieur de la \u00ab\u00a0fourniar\u00a0\u00bb \u00e0 faire, \u00e0 \u00ab\u00a0terminer\u00a0\u00bb donc\u00a0! Je pr\u00e9vois de passer l\u00e0 (\u00e0 l\u2019abri\u00a0!) une partie de l\u2019hiver, pour y mener les travaux que j\u2019envisage\u2026<\/p>\n","protected":false},"excerpt":{"rendered":"","protected":false},"author":2,"featured_media":0,"comment_status":"open","ping_status":"open","sticky":false,"template":"","format":"standard","meta":{"footnotes":""},"categories":[1],"tags":[51,49,50],"class_list":["post-725","post","type-post","status-publish","format-standard","hentry","category-non-classe","tag-doublis","tag-fourniar","tag-gouttiere-nantaise"],"_links":{"self":[{"href":"http:\/\/www.deschamps-web.com\/le_four\/index.php?rest_route=\/wp\/v2\/posts\/725","targetHints":{"allow":["GET"]}}],"collection":[{"href":"http:\/\/www.deschamps-web.com\/le_four\/index.php?rest_route=\/wp\/v2\/posts"}],"about":[{"href":"http:\/\/www.deschamps-web.com\/le_four\/index.php?rest_route=\/wp\/v2\/types\/post"}],"author":[{"embeddable":true,"href":"http:\/\/www.deschamps-web.com\/le_four\/index.php?rest_route=\/wp\/v2\/users\/2"}],"replies":[{"embeddable":true,"href":"http:\/\/www.deschamps-web.com\/le_four\/index.php?rest_route=%2Fwp%2Fv2%2Fcomments&post=725"}],"version-history":[{"count":44,"href":"http:\/\/www.deschamps-web.com\/le_four\/index.php?rest_route=\/wp\/v2\/posts\/725\/revisions"}],"predecessor-version":[{"id":946,"href":"http:\/\/www.deschamps-web.com\/le_four\/index.php?rest_route=\/wp\/v2\/posts\/725\/revisions\/946"}],"wp:attachment":[{"href":"http:\/\/www.deschamps-web.com\/le_four\/index.php?rest_route=%2Fwp%2Fv2%2Fmedia&parent=725"}],"wp:term":[{"taxonomy":"category","embeddable":true,"href":"http:\/\/www.deschamps-web.com\/le_four\/index.php?rest_route=%2Fwp%2Fv2%2Fcategories&post=725"},{"taxonomy":"post_tag","embeddable":true,"href":"http:\/\/www.deschamps-web.com\/le_four\/index.php?rest_route=%2Fwp%2Fv2%2Ftags&post=725"}],"curies":[{"name":"wp","href":"https:\/\/api.w.org\/{rel}","templated":true}]}}